{"id":4108,"date":"2015-10-20T12:03:51","date_gmt":"2015-10-20T15:03:51","guid":{"rendered":"http:\/\/www.expormanequins.com.br\/blog\/?p=4108"},"modified":"2015-10-20T12:03:51","modified_gmt":"2015-10-20T15:03:51","slug":"vitrinando-com-a-falabella","status":"publish","type":"post","link":"https:\/\/expormanequins.com.br\/site\/es\/2015\/10\/20\/vitrinando-com-a-falabella\/","title":{"rendered":"Vitrinando com a Falabella"},"content":{"rendered":"<p>&nbsp;<\/p>\n<p>Dessa vez temos um <strong>Vitrinando internacional<\/strong>, estamos falando da <strong>Falabella<\/strong> de Santiago, no Chile.<\/p>\n<p>A Falabella \u00e9 uma das maiores empresas na Am\u00e9rica Latina com mais de <strong>65.000<\/strong> funcion\u00e1rios operando no Chile, Argentina, Peru e Col\u00f4mbia. Ela atua em diversos segmentos de neg\u00f3cios, sendo o principal a sua <strong>loja de departamento<\/strong> que hoje \u00e9 a maior da Am\u00e9rica do Sul.<\/p>\n<p>&nbsp;<\/p>\n<p><a href=\"http:\/\/www.expormanequins.com.br\/blog\/wp-content\/uploads\/2015\/10\/image1.jpg\"><img loading=\"lazy\" decoding=\"async\" class=\"aligncenter size-large wp-image-4109\" src=\"http:\/\/www.expormanequins.com.br\/blog\/wp-content\/uploads\/2015\/10\/image1-1024x768.jpg\" alt=\"image1\" width=\"900\" height=\"675\" \/><\/a><\/p>\n<p>&nbsp;<\/p>\n<p>Por possuir a necessidade de deixar <strong>muitos produtos<\/strong> a mostra, a loja que possui um grande espa\u00e7o f\u00edsico, utilizou um grande n\u00famero de <strong>araras<\/strong> e <strong>mesas<\/strong> expositoras para deixar os setores mais organizados, <strong>facilitar<\/strong> o acesso e melhorar a <strong>visibilidade<\/strong> que o consumidor ter\u00e1 do produto, assim <strong>valorizando<\/strong> ao m\u00e1ximo cada departamento da loja.<\/p>\n<p>&nbsp;<\/p>\n<p><a href=\"http:\/\/www.expormanequins.com.br\/blog\/wp-content\/uploads\/2015\/10\/image2.jpg\"><img loading=\"lazy\" decoding=\"async\" class=\"aligncenter size-large wp-image-4110\" src=\"http:\/\/www.expormanequins.com.br\/blog\/wp-content\/uploads\/2015\/10\/image2-1024x768.jpg\" alt=\"image2\" width=\"900\" height=\"675\" \/><\/a><\/p>\n<p>&nbsp;<\/p>\n<p>Os manequins escolhidos para o projeto foram as <strong>Leilas Brancas<\/strong> que s\u00e3o fabricadas pela Hans Boodt. Elas possuem poses charmosas e <strong>diferenciadas<\/strong> que <strong>destacam<\/strong> e d\u00e3o um toque bem <strong>conceitual<\/strong> para compor os <strong>pontos focais<\/strong> que foram constru\u00eddos dentro da loja.<\/p>\n<p>Em alguns pontos, podemos ver a t\u00e9cnica de <strong>repeti\u00e7\u00e3o <\/strong>trabalhada para <strong>destacar<\/strong> a categoria de produtos exposta em determinado local da loja.<\/p>\n<p>&nbsp;<\/p>\n<p><a href=\"http:\/\/www.expormanequins.com.br\/blog\/wp-content\/uploads\/2015\/10\/image3.jpg\"><img loading=\"lazy\" decoding=\"async\" class=\"aligncenter size-large wp-image-4111\" src=\"http:\/\/www.expormanequins.com.br\/blog\/wp-content\/uploads\/2015\/10\/image3-1024x768.jpg\" alt=\"image3\" width=\"900\" height=\"675\" \/><\/a><\/p>\n<p>&nbsp;<\/p>\n<p>Vemos tamb\u00e9m as <strong>pernas <\/strong>sendo muito utilizadas, principalmente para <strong>Expor<\/strong> os produtos jeans que possuem um giro maior de estoque.<\/p>\n<p>Os expositores ficam <strong>estrategicamente<\/strong> perto das pe\u00e7as e agregam muito ao visual do departamento, mostrando diretamente para o consumidor o <strong>estilo<\/strong> e o tipo de caimento do produto.<\/p>\n<p>Principalmente em lojas com um <strong>grande volume de pe\u00e7as<\/strong>, \u00e9 super importante colocar as roupas a mostra em <strong>manequins <\/strong>e <strong>expositores<\/strong>.<\/p>\n<p>Eles d\u00e3o ao consumidor uma vis\u00e3o <strong>diferenciada<\/strong> do produto, assim ele conseguem imaginar <strong>combina\u00e7\u00f5es<\/strong> em situa\u00e7\u00f5es do seu dia-a-dia.<\/p>\n<p>Quanto mais itens <strong>expostos<\/strong>, maiores s\u00e3o as suas chances de efetivar as <strong>vendas<\/strong> do seu neg\u00f3cio. Aproveite cada <strong>espa\u00e7o<\/strong> da sua loja, fa\u00e7a uma boa <strong>decora\u00e7\u00e3o<\/strong> e torne um espa\u00e7o sem uso em mais um ponto para valorizar os seus produtos.<\/p>\n<p>Pense em trazer <strong>conforto<\/strong> para o cliente enquanto ele faz compras e se antecipar \u00e0 poss\u00edveis <strong>necessidades<\/strong>, pois ao se sentir bem recebido, certamente ele voltar\u00e1.<\/p>\n<p>Para mais dicas e novidades, siga a gente no <strong><a href=\"http:\/\/www.facebook.com.br\/expormanequins\">Facebook<\/a><\/strong> e no <strong><a href=\"http:\/\/www.instagram.com\/expormanequins\">Instagram<\/a><\/strong> e fique por dentro de tudo!<\/p>","protected":false},"excerpt":{"rendered":"<p>&nbsp; Dessa vez temos um Vitrinando internacional, estamos falando da Falabella de Santiago, no Chile. A Falabella \u00e9 uma das maiores empresas na Am\u00e9rica Latina com mais de 65.000 funcion\u00e1rios operando no Chile, Argentina, Peru e Col\u00f4mbia. Ela atua em diversos segmentos de neg\u00f3cios, sendo o principal a sua loja de departamento que hoje \u00e9 [&#8230;]","protected":false},"author":1,"featured_media":4119,"comment_status":"open","ping_status":"open","sticky":false,"template":"","format":"standard","meta":{"footnotes":"","_joinchat":[]},"categories":[123,131,101],"tags":[139,20,140,115,145],"_links":{"self":[{"href":"https:\/\/expormanequins.com.br\/site\/es\/wp-json\/wp\/v2\/posts\/4108"}],"collection":[{"href":"https:\/\/expormanequins.com.br\/site\/es\/wp-json\/wp\/v2\/posts"}],"about":[{"href":"https:\/\/expormanequins.com.br\/site\/es\/wp-json\/wp\/v2\/types\/post"}],"author":[{"embeddable":true,"href":"https:\/\/expormanequins.com.br\/site\/es\/wp-json\/wp\/v2\/users\/1"}],"replies":[{"embeddable":true,"href":"https:\/\/expormanequins.com.br\/site\/es\/wp-json\/wp\/v2\/comments?post=4108"}],"version-history":[{"count":0,"href":"https:\/\/expormanequins.com.br\/site\/es\/wp-json\/wp\/v2\/posts\/4108\/revisions"}],"wp:featuredmedia":[{"embeddable":true,"href":"https:\/\/expormanequins.com.br\/site\/es\/wp-json\/"}],"wp:attachment":[{"href":"https:\/\/expormanequins.com.br\/site\/es\/wp-json\/wp\/v2\/media?parent=4108"}],"wp:term":[{"taxonomy":"category","embeddable":true,"href":"https:\/\/expormanequins.com.br\/site\/es\/wp-json\/wp\/v2\/categories?post=4108"},{"taxonomy":"post_tag","embeddable":true,"href":"https:\/\/expormanequins.com.br\/site\/es\/wp-json\/wp\/v2\/tags?post=4108"}],"curies":[{"name":"wp","href":"https:\/\/api.w.org\/{rel}","templated":true}]}}